{"id":1846,"date":"2018-05-11T09:05:44","date_gmt":"2018-05-11T07:05:44","guid":{"rendered":"https:\/\/www.mieux-apprendre.com\/?p=1846"},"modified":"2018-05-11T09:05:44","modified_gmt":"2018-05-11T07:05:44","slug":"40-ans-apres-les-brutalites-subies-par-un-enfant-ont-toujours-des-effets","status":"publish","type":"post","link":"https:\/\/blog.mieux-apprendre.com\/?p=1846","title":{"rendered":"40 ans apr\u00e8s, les brutalit\u00e9s subies par un enfant ont toujours des effets"},"content":{"rendered":"<div class=\"row-fluid\">\n<div id=\"main\" class=\"span9\">\n<div class=\"texte entry-content\">\n<p><span class=\"spip_document_525 spip_documents spip_documents_center\"> <img fetchpriority=\"high\" decoding=\"async\" class=\"aligncenter\" src=\"https:\/\/www.mieux-apprendre.com\/local\/cache-vignettes\/L272xH340\/child-2867019__340-29e4e.jpg\" alt=\"\" width=\"272\" height=\"340\" \/><\/span><br class=\"autobr\" \/> Une \u00e9tude sur les effets \u00e0 long terme des brutalit\u00e9s et harc\u00e8lements subis par un enfant r\u00e9v\u00e8le que ses effets sont encore d\u00e9tectables 40 ans plus tard.<\/p>\n<p>Une \u00e9tude men\u00e9e par la<i> British National Child Development<\/i> s\u2019est int\u00e9ress\u00e9e \u00e0 7 771 enfants n\u00e9s la m\u00eame semaine en 1958. Quand ils avaient 7 et 11 ans, on a demand\u00e9 \u00e0 leurs parents si leur enfant \u00e9tait brutalis\u00e9 ou harcel\u00e9, \u00e0 l\u2019\u00e9cole ou en dehors de l\u2019\u00e9cole. Cela \u00e9tait le cas pour 28% de mani\u00e8re occasionnelle, et de 15% de mani\u00e8re fr\u00e9quente.<br class=\"autobr\" \/> Les enfants ont ensuite \u00e9t\u00e9 suivis jusqu\u2019\u00e0 l\u2019\u00e2ge de 50 ans.<br class=\"autobr\" \/> Le principal auteur de l\u2019\u00e9tude, le Dr Ryu Takizawa, a comment\u00e9 les r\u00e9sultats\u00a0: \u00ab\u00a0Notre \u00e9tude montre que les effets des brutalit\u00e9s subies par l\u2019enfant sont encore visibles pr\u00e8s de quatre d\u00e9cennies plus tard. Son impact est persistant et omnipr\u00e9sent, avec des cons\u00e9quences sanitaires, sociales et \u00e9conomiques qui perdurent jusqu\u2019\u00e0 l\u2019\u00e2ge adulte.\u00a0\u00bb<\/p>\n<p>Parmi les cons\u00e9quences de ces brutalit\u00e9s, l\u2019\u00e9tude a relev\u00e9\u00a0:<\/p>\n<ul class=\"spip\">\n<li>un risque plus \u00e9lev\u00e9 de d\u00e9pression, d\u2019anxi\u00e9t\u00e9 et de pens\u00e9es suicidaires,<\/li>\n<li>un fonctionnement cognitif plus pauvre,<\/li>\n<li>une mauvaise qualit\u00e9 de vie,<\/li>\n<li>moins de satisfaction dans la vie,<\/li>\n<li>une plus grande difficult\u00e9 \u00e0 vivre en couple Et ce sont bien entendu les enfants fr\u00e9quemment victimes de brutalit\u00e9s qui sont les plus expos\u00e9s \u00e0 avoir, dans leur vie adulte, un large \u00e9ventail de probl\u00e8mes sociaux, sanitaires et \u00e9conomiques.<\/li>\n<\/ul>\n<p>L\u2019une des responsables de l\u2019\u00e9tude, le professeur Louise Arseneault, a d\u00e9clar\u00e9\u00a0:<br class=\"autobr\" \/> \u00ab\u00a0Nous devons arr\u00eater de consid\u00e9rer que les brutalit\u00e9s subies par un enfant sont pour lui une mani\u00e8re normale de grandir. Les enseignants, les parents et les d\u00e9cideurs doivent \u00eatre conscients que ce qui se passe dans la cour de l\u2019\u00e9cole peut avoir des r\u00e9percussions \u00e0 long terme sur les enfants.\u00a0\u00bb<\/p>\n<p>On sait maintenant que les enfants subissent de nos jours d\u2019autres formes de brutalit\u00e9s, comme le harc\u00e8lement par r\u00e9seaux sociaux. On peut imaginer que les r\u00e9sultats de l\u2019\u00e9tude peuvent \u00e9galement s\u2019appliquer \u00e0 ce type de harc\u00e8lement.<\/p>\n<div align=\"right\"><strong>Bruno Hourst<\/strong><\/div>\n<p><strong> <i>R\u00e9f\u00e9rences<\/i> <\/strong><br class=\"autobr\" \/> <a class=\"spip_out\" href=\"http:\/\/ajp.psychiatryonline.org\/doi\/abs\/10.1176\/appi.ajp.2014.13101401\" target=\"_blank\" rel=\"external noopener\">Adult Health Outcomes of Childhood Bullying Victimization\u00a0: Evidence From a Five-Decade Longitudinal British Birth Cohort<\/a><\/p>\n<p><strong> <i>Sources<\/i> <\/strong><br class=\"autobr\" \/> <a class=\"spip_out\" href=\"http:\/\/www.spring.org.uk\/2014\/05\/effects-of-childhood-bullying-last-at-least-40-years.php\" target=\"_blank\" rel=\"external noopener\">Effects of Childhood Bullying Last at Least 40 Years<\/a><\/p>\n<\/div>\n<\/div>\n<\/div>\n","protected":false},"excerpt":{"rendered":"<p>Une \u00e9tude sur les effets \u00e0 long terme des brutalit\u00e9s et harc\u00e8lements subis par un enfant r\u00e9v\u00e8le que ses effets sont encore d\u00e9tectables 40 ans plus tard. Une \u00e9tude men\u00e9e par la British National Child Development s\u2019est int\u00e9ress\u00e9e \u00e0 7 771 enfants n\u00e9s la m\u00eame semaine en 1958. Quand ils avaient 7 et 11 ans, on a demand\u00e9 \u00e0 leurs parents si leur enfant \u00e9tait brutalis\u00e9 ou harcel\u00e9, \u00e0 l\u2019\u00e9cole ou en dehors de l\u2019\u00e9cole. Cela \u00e9tait le cas pour 28% de mani\u00e8re occasionnelle, et de 15% de mani\u00e8re fr\u00e9quente. Les enfants ont ensuite \u00e9t\u00e9 suivis jusqu\u2019\u00e0 l\u2019\u00e2ge de 50 ans. Le principal auteur de l\u2019\u00e9tude, le Dr Ryu Takizawa, a comment\u00e9 les r\u00e9sultats\u00a0: \u00ab\u00a0Notre \u00e9tude montre que les effets des brutalit\u00e9s subies par l\u2019enfant sont encore visibles pr\u00e8s de quatre d\u00e9cennies plus tard. Son impact est persistant et omnipr\u00e9sent, avec des cons\u00e9quences sanitaires, sociales et \u00e9conomiques qui perdurent jusqu\u2019\u00e0 l\u2019\u00e2ge adulte.\u00a0\u00bb Parmi les cons\u00e9quences de ces brutalit\u00e9s, l\u2019\u00e9tude a relev\u00e9\u00a0: un risque plus \u00e9lev\u00e9 de d\u00e9pression, d\u2019anxi\u00e9t\u00e9 et de pens\u00e9es suicidaires, un fonctionnement cognitif plus pauvre, une mauvaise qualit\u00e9 de vie, moins de satisfaction dans la vie, une plus grande difficult\u00e9 \u00e0 vivre en couple Et ce sont bien entendu les enfants fr\u00e9quemment victimes de brutalit\u00e9s qui sont les plus expos\u00e9s \u00e0 avoir, dans leur vie adulte, un large \u00e9ventail de probl\u00e8mes sociaux, sanitaires et \u00e9conomiques. L\u2019une des responsables de l\u2019\u00e9tude, le professeur Louise Arseneault, a d\u00e9clar\u00e9\u00a0: \u00ab\u00a0Nous devons arr\u00eater de consid\u00e9rer que les brutalit\u00e9s subies par un enfant sont pour lui une mani\u00e8re normale de grandir. Les enseignants, les parents et les d\u00e9cideurs doivent \u00eatre conscients que ce qui se passe dans la cour de l\u2019\u00e9cole peut avoir des r\u00e9percussions \u00e0 long terme sur les enfants.\u00a0\u00bb On sait maintenant que les enfants subissent de nos jours d\u2019autres formes de brutalit\u00e9s, comme le harc\u00e8lement par r\u00e9seaux sociaux. On peut imaginer que les r\u00e9sultats de l\u2019\u00e9tude peuvent \u00e9galement s\u2019appliquer \u00e0 ce type de harc\u00e8lement. Bruno Hourst R\u00e9f\u00e9rences Adult Health Outcomes of Childhood Bullying Victimization\u00a0: Evidence From a Five-Decade Longitudinal British Birth Cohort Sources Effects of Childhood Bullying Last at Least 40 Years<\/p>\n","protected":false},"author":1,"featured_media":3828,"comment_status":"closed","ping_status":"open","sticky":false,"template":"","format":"standard","meta":{"footnotes":""},"categories":[64],"tags":[11,38,43,65],"class_list":{"0":"post-1846","1":"post","2":"type-post","3":"status-publish","4":"format-standard","5":"has-post-thumbnail","7":"category-parents","8":"tag-enfants","9":"tag-sante","10":"tag-education","11":"tag-violence","12":"czr-hentry"},"_links":{"self":[{"href":"https:\/\/blog.mieux-apprendre.com\/index.php?rest_route=\/wp\/v2\/posts\/1846","targetHints":{"allow":["GET"]}}],"collection":[{"href":"https:\/\/blog.mieux-apprendre.com\/index.php?rest_route=\/wp\/v2\/posts"}],"about":[{"href":"https:\/\/blog.mieux-apprendre.com\/index.php?rest_route=\/wp\/v2\/types\/post"}],"author":[{"embeddable":true,"href":"https:\/\/blog.mieux-apprendre.com\/index.php?rest_route=\/wp\/v2\/users\/1"}],"replies":[{"embeddable":true,"href":"https:\/\/blog.mieux-apprendre.com\/index.php?rest_route=%2Fwp%2Fv2%2Fcomments&post=1846"}],"version-history":[{"count":0,"href":"https:\/\/blog.mieux-apprendre.com\/index.php?rest_route=\/wp\/v2\/posts\/1846\/revisions"}],"wp:featuredmedia":[{"embeddable":true,"href":"https:\/\/blog.mieux-apprendre.com\/index.php?rest_route=\/wp\/v2\/media\/3828"}],"wp:attachment":[{"href":"https:\/\/blog.mieux-apprendre.com\/index.php?rest_route=%2Fwp%2Fv2%2Fmedia&parent=1846"}],"wp:term":[{"taxonomy":"category","embeddable":true,"href":"https:\/\/blog.mieux-apprendre.com\/index.php?rest_route=%2Fwp%2Fv2%2Fcategories&post=1846"},{"taxonomy":"post_tag","embeddable":true,"href":"https:\/\/blog.mieux-apprendre.com\/index.php?rest_route=%2Fwp%2Fv2%2Ftags&post=1846"}],"curies":[{"name":"wp","href":"https:\/\/api.w.org\/{rel}","templated":true}]}}